{"id":3270,"date":"2022-01-27T15:24:58","date_gmt":"2022-01-27T14:24:58","guid":{"rendered":"https:\/\/ltbc.fr\/?p=3270"},"modified":"2022-02-23T17:00:19","modified_gmt":"2022-02-23T16:00:19","slug":"ag-2022","status":"publish","type":"post","link":"https:\/\/ltbc.fr\/?p=3270","title":{"rendered":"Assembl\u00e9e G\u00e9n\u00e9rale 2022"},"content":{"rendered":"\n<h2 class=\"wp-block-heading\" id=\"calendrier-2022\">Calendrier 2022<\/h2>\n\n\n\n<p class=\"wp-block-paragraph\">Le 5 et 6 mars \u00ab\u00a0Aventure du rail\u00a0\u00bb \u00e0 la mairie d&rsquo;Ussac en apr\u00e8s midi. R\u00e9seau Martel<\/p>\n\n\n\n<p class=\"wp-block-paragraph\"><\/p>\n\n\n\n<p class=\"wp-block-paragraph\">Le 19\/20\/21 mars, Expo \u00e0 Treignac. R\u00e9seau \u00ab\u00a0Le Martel\u00a0\u00bb<\/p>\n\n\n\n<p class=\"wp-block-paragraph\">Du 25 f\u00e9vrier \u00e0 d\u00e9but avril, Expo sur le PO et POC (Mod\u00e8les en vitrines)<\/p>\n\n\n\n<p class=\"wp-block-paragraph\">Le 1er mai, Expo \u00e0 Cosnac. R\u00e9seau \u00ab\u00a0Le Martel\u00a0\u00bb<\/p>\n\n\n\n<p class=\"wp-block-paragraph\"><strong>Le 22 mai, BOURSE LTBC. salle G. Brassens<\/strong><\/p>\n\n\n\n<p class=\"wp-block-paragraph\">Juin, Expo a l&rsquo;ancienne piscine de Brive (Peut \u00eatre!).<\/p>\n\n\n\n<p class=\"wp-block-paragraph\">Septembre, Journ\u00e9e du patrimoine. (expo seulement pr\u00e9s de la mairie de Brive, le club sera ferm\u00e9)<\/p>\n\n\n\n<p class=\"wp-block-paragraph\">Septembre \u00e9galement, journ\u00e9e des associations.<\/p>\n\n\n\n<p class=\"wp-block-paragraph\">24\/25 Septembre, expo \u00e0 Ch\u00e2tellerault. (Si nous sommes choisis)<\/p>\n\n\n\n<p class=\"wp-block-paragraph\"><strong>Le 27 Novembre<strong>, BOURSE LTBC. salle G. Brassens<\/strong><\/strong> <\/p>\n\n\n\n<p class=\"wp-block-paragraph\"><\/p>\n\n\n\n<h2 class=\"wp-block-heading\" id=\"le-bureau-2022\">Le Bureau 2022<\/h2>\n\n\n\n<p class=\"wp-block-paragraph\">Pr\u00e9sident : &nbsp;&nbsp;&nbsp;&nbsp;&nbsp;&nbsp;&nbsp;&nbsp;&nbsp;&nbsp;&nbsp; Lionel Moreau<\/p>\n\n\n\n<p class=\"wp-block-paragraph\">Vice-pr\u00e9sident : &nbsp;&nbsp;&nbsp;&nbsp; Michel Molini\u00e9<\/p>\n\n\n\n<p class=\"wp-block-paragraph\">Tr\u00e9sorier : &nbsp;&nbsp;&nbsp;&nbsp;&nbsp;&nbsp;&nbsp;&nbsp;&nbsp;&nbsp;&nbsp;&nbsp; Philippe Sceber<\/p>\n\n\n\n<p class=\"wp-block-paragraph\">Tr\u00e9sorier adjoint : &nbsp; Etienne Chaplot<\/p>\n\n\n\n<p class=\"wp-block-paragraph\">Secr\u00e9taire : &nbsp;&nbsp;&nbsp;&nbsp;&nbsp;&nbsp;&nbsp;&nbsp;&nbsp;&nbsp; Philippe Maugars<\/p>\n\n\n\n<p class=\"wp-block-paragraph\">Secr\u00e9taire adjoint : Michel Coulloux.<\/p>\n","protected":false},"excerpt":{"rendered":"<p> Calendrier 2022 <\/p>\n<p class=\"wp-block-paragraph\">Le 5 et 6 mars \u00ab Aventure du rail \u00bb \u00e0 la mairie d&rsquo;Ussac en apr\u00e8s midi. R\u00e9seau Martel<\/p>\n<p class=\"wp-block-paragraph\">\n<p class=\"wp-block-paragraph\">Le 19\/20\/21 mars, Expo \u00e0 Treignac. R\u00e9seau \u00ab Le Martel \u00bb<\/p>\n<p class=\"wp-block-paragraph\">Du 25 f\u00e9vrier \u00e0 d\u00e9but avril, Expo sur le PO et POC (Mod\u00e8les en vitrines)<\/p>\n<p class=\"wp-block-paragraph\">Le [&#8230;]<\/p>\n","protected":false},"author":1,"featured_media":0,"comment_status":"open","ping_status":"open","sticky":false,"template":"","format":"standard","meta":{"_monsterinsights_skip_tracking":false,"_monsterinsights_sitenote_active":false,"_monsterinsights_sitenote_note":"","_monsterinsights_sitenote_category":0,"footnotes":""},"categories":[1],"tags":[],"class_list":["post-3270","post","type-post","status-publish","format-standard","hentry","category-non-classe","odd"],"aioseo_notices":[],"aioseo_head":"\n\t\t<!-- All in One SEO 4.9.9 - aioseo.com -->\n\t<meta name=\"description\" content=\"Calendrier 2022 Le 5 et 6 mars &quot;Aventure du rail&quot; \u00e0 la mairie d&#039;Ussac en apr\u00e8s midi. R\u00e9seau Martel Le 19\/20\/21 mars, Expo \u00e0 Treignac. R\u00e9seau &quot;Le Martel&quot; Du 25 f\u00e9vrier \u00e0 d\u00e9but avril, Expo sur le PO et POC (Mod\u00e8les en vitrines) Le 1er mai, Expo \u00e0 Cosnac. R\u00e9seau &quot;Le Martel&quot; Le 22 mai,\" \/>\n\t<meta name=\"robots\" content=\"max-image-preview:large\" \/>\n\t<meta name=\"author\" content=\"Francis\"\/>\n\t<link rel=\"canonical\" href=\"https:\/\/ltbc.fr\/?p=3270\" \/>\n\t<meta name=\"generator\" content=\"All in One SEO (AIOSEO) 4.9.9\" \/>\n\t\t<meta property=\"og:locale\" content=\"fr_FR\" \/>\n\t\t<meta property=\"og:site_name\" content=\"Le Train Briviste Corr\u00e9zien | &quot;Le Club de Mod\u00e9lisme Ferroviaire en Pays de Brive&quot;\" \/>\n\t\t<meta property=\"og:type\" content=\"article\" \/>\n\t\t<meta property=\"og:title\" content=\"Assembl\u00e9e G\u00e9n\u00e9rale 2022 | Le Train Briviste Corr\u00e9zien\" \/>\n\t\t<meta property=\"og:description\" content=\"Calendrier 2022 Le 5 et 6 mars &quot;Aventure du rail&quot; \u00e0 la mairie d&#039;Ussac en apr\u00e8s midi. R\u00e9seau Martel Le 19\/20\/21 mars, Expo \u00e0 Treignac. R\u00e9seau &quot;Le Martel&quot; Du 25 f\u00e9vrier \u00e0 d\u00e9but avril, Expo sur le PO et POC (Mod\u00e8les en vitrines) Le 1er mai, Expo \u00e0 Cosnac. R\u00e9seau &quot;Le Martel&quot; Le 22 mai,\" \/>\n\t\t<meta property=\"og:url\" content=\"https:\/\/ltbc.fr\/?p=3270\" \/>\n\t\t<meta property=\"article:published_time\" content=\"2022-01-27T14:24:58+00:00\" \/>\n\t\t<meta property=\"article:modified_time\" content=\"2022-02-23T16:00:19+00:00\" \/>\n\t\t<meta name=\"twitter:card\" content=\"summary\" \/>\n\t\t<meta name=\"twitter:title\" content=\"Assembl\u00e9e G\u00e9n\u00e9rale 2022 | Le Train Briviste Corr\u00e9zien\" \/>\n\t\t<meta name=\"twitter:description\" content=\"Calendrier 2022 Le 5 et 6 mars &quot;Aventure du rail&quot; \u00e0 la mairie d&#039;Ussac en apr\u00e8s midi. R\u00e9seau Martel Le 19\/20\/21 mars, Expo \u00e0 Treignac. R\u00e9seau &quot;Le Martel&quot; Du 25 f\u00e9vrier \u00e0 d\u00e9but avril, Expo sur le PO et POC (Mod\u00e8les en vitrines) Le 1er mai, Expo \u00e0 Cosnac. R\u00e9seau &quot;Le Martel&quot; Le 22 mai,\" \/>\n\t\t<script type=\"application\/ld+json\" class=\"aioseo-schema\">\n\t\t\t{\"@context\":\"https:\\\/\\\/schema.org\",\"@graph\":[{\"@type\":\"Article\",\"@id\":\"https:\\\/\\\/ltbc.fr\\\/?p=3270#article\",\"name\":\"Assembl\\u00e9e G\\u00e9n\\u00e9rale 2022 | Le Train Briviste Corr\\u00e9zien\",\"headline\":\"Assembl\\u00e9e G\\u00e9n\\u00e9rale 2022\",\"author\":{\"@id\":\"https:\\\/\\\/ltbc.fr\\\/?author=1#author\"},\"publisher\":{\"@id\":\"https:\\\/\\\/ltbc.fr\\\/#organization\"},\"datePublished\":\"2022-01-27T15:24:58+01:00\",\"dateModified\":\"2022-02-23T17:00:19+01:00\",\"inLanguage\":\"fr-FR\",\"mainEntityOfPage\":{\"@id\":\"https:\\\/\\\/ltbc.fr\\\/?p=3270#webpage\"},\"isPartOf\":{\"@id\":\"https:\\\/\\\/ltbc.fr\\\/?p=3270#webpage\"},\"articleSection\":\"Non class\\u00e9\"},{\"@type\":\"BreadcrumbList\",\"@id\":\"https:\\\/\\\/ltbc.fr\\\/?p=3270#breadcrumblist\",\"itemListElement\":[{\"@type\":\"ListItem\",\"@id\":\"https:\\\/\\\/ltbc.fr#listItem\",\"position\":1,\"name\":\"Accueil\",\"item\":\"https:\\\/\\\/ltbc.fr\",\"nextItem\":{\"@type\":\"ListItem\",\"@id\":\"https:\\\/\\\/ltbc.fr\\\/?cat=1#listItem\",\"name\":\"Non class\\u00e9\"}},{\"@type\":\"ListItem\",\"@id\":\"https:\\\/\\\/ltbc.fr\\\/?cat=1#listItem\",\"position\":2,\"name\":\"Non class\\u00e9\",\"item\":\"https:\\\/\\\/ltbc.fr\\\/?cat=1\",\"nextItem\":{\"@type\":\"ListItem\",\"@id\":\"https:\\\/\\\/ltbc.fr\\\/?p=3270#listItem\",\"name\":\"Assembl\\u00e9e G\\u00e9n\\u00e9rale 2022\"},\"previousItem\":{\"@type\":\"ListItem\",\"@id\":\"https:\\\/\\\/ltbc.fr#listItem\",\"name\":\"Accueil\"}},{\"@type\":\"ListItem\",\"@id\":\"https:\\\/\\\/ltbc.fr\\\/?p=3270#listItem\",\"position\":3,\"name\":\"Assembl\\u00e9e G\\u00e9n\\u00e9rale 2022\",\"previousItem\":{\"@type\":\"ListItem\",\"@id\":\"https:\\\/\\\/ltbc.fr\\\/?cat=1#listItem\",\"name\":\"Non class\\u00e9\"}}]},{\"@type\":\"Organization\",\"@id\":\"https:\\\/\\\/ltbc.fr\\\/#organization\",\"name\":\"Le Train Briviste Corr\\u00e9zien\",\"description\":\"\\\"Le Club de Mod\\u00e9lisme Ferroviaire en Pays de Brive\\\"\",\"url\":\"https:\\\/\\\/ltbc.fr\\\/\"},{\"@type\":\"Person\",\"@id\":\"https:\\\/\\\/ltbc.fr\\\/?author=1#author\",\"url\":\"https:\\\/\\\/ltbc.fr\\\/?author=1\",\"name\":\"Francis\",\"image\":{\"@type\":\"ImageObject\",\"@id\":\"https:\\\/\\\/ltbc.fr\\\/?p=3270#authorImage\",\"url\":\"https:\\\/\\\/secure.gravatar.com\\\/avatar\\\/69895d75a80de91f10411eb0355cae9e8bc075120357313a8bda66c4813d94c3?s=96&d=mm&r=g\",\"width\":96,\"height\":96,\"caption\":\"Francis\"}},{\"@type\":\"WebPage\",\"@id\":\"https:\\\/\\\/ltbc.fr\\\/?p=3270#webpage\",\"url\":\"https:\\\/\\\/ltbc.fr\\\/?p=3270\",\"name\":\"Assembl\\u00e9e G\\u00e9n\\u00e9rale 2022 | Le Train Briviste Corr\\u00e9zien\",\"description\":\"Calendrier 2022 Le 5 et 6 mars \\\"Aventure du rail\\\" \\u00e0 la mairie d'Ussac en apr\\u00e8s midi. R\\u00e9seau Martel Le 19\\\/20\\\/21 mars, Expo \\u00e0 Treignac. R\\u00e9seau \\\"Le Martel\\\" Du 25 f\\u00e9vrier \\u00e0 d\\u00e9but avril, Expo sur le PO et POC (Mod\\u00e8les en vitrines) Le 1er mai, Expo \\u00e0 Cosnac. R\\u00e9seau \\\"Le Martel\\\" Le 22 mai,\",\"inLanguage\":\"fr-FR\",\"isPartOf\":{\"@id\":\"https:\\\/\\\/ltbc.fr\\\/#website\"},\"breadcrumb\":{\"@id\":\"https:\\\/\\\/ltbc.fr\\\/?p=3270#breadcrumblist\"},\"author\":{\"@id\":\"https:\\\/\\\/ltbc.fr\\\/?author=1#author\"},\"creator\":{\"@id\":\"https:\\\/\\\/ltbc.fr\\\/?author=1#author\"},\"datePublished\":\"2022-01-27T15:24:58+01:00\",\"dateModified\":\"2022-02-23T17:00:19+01:00\"},{\"@type\":\"WebSite\",\"@id\":\"https:\\\/\\\/ltbc.fr\\\/#website\",\"url\":\"https:\\\/\\\/ltbc.fr\\\/\",\"name\":\"Le Train Briviste Corr\\u00e9zien\",\"description\":\"\\\"Le Club de Mod\\u00e9lisme Ferroviaire en Pays de Brive\\\"\",\"inLanguage\":\"fr-FR\",\"publisher\":{\"@id\":\"https:\\\/\\\/ltbc.fr\\\/#organization\"}}]}\n\t\t<\/script>\n\t\t<!-- All in One SEO -->\n\n","aioseo_head_json":{"title":"Assembl\u00e9e G\u00e9n\u00e9rale 2022 | Le Train Briviste Corr\u00e9zien","description":"Calendrier 2022 Le 5 et 6 mars \"Aventure du rail\" \u00e0 la mairie d'Ussac en apr\u00e8s midi. R\u00e9seau Martel Le 19\/20\/21 mars, Expo \u00e0 Treignac. R\u00e9seau \"Le Martel\" Du 25 f\u00e9vrier \u00e0 d\u00e9but avril, Expo sur le PO et POC (Mod\u00e8les en vitrines) Le 1er mai, Expo \u00e0 Cosnac. R\u00e9seau \"Le Martel\" Le 22 mai,","canonical_url":"https:\/\/ltbc.fr\/?p=3270","robots":"max-image-preview:large","keywords":"","webmasterTools":{"miscellaneous":""},"schema":{"@context":"https:\/\/schema.org","@graph":[{"@type":"Article","@id":"https:\/\/ltbc.fr\/?p=3270#article","name":"Assembl\u00e9e G\u00e9n\u00e9rale 2022 | Le Train Briviste Corr\u00e9zien","headline":"Assembl\u00e9e G\u00e9n\u00e9rale 2022","author":{"@id":"https:\/\/ltbc.fr\/?author=1#author"},"publisher":{"@id":"https:\/\/ltbc.fr\/#organization"},"datePublished":"2022-01-27T15:24:58+01:00","dateModified":"2022-02-23T17:00:19+01:00","inLanguage":"fr-FR","mainEntityOfPage":{"@id":"https:\/\/ltbc.fr\/?p=3270#webpage"},"isPartOf":{"@id":"https:\/\/ltbc.fr\/?p=3270#webpage"},"articleSection":"Non class\u00e9"},{"@type":"BreadcrumbList","@id":"https:\/\/ltbc.fr\/?p=3270#breadcrumblist","itemListElement":[{"@type":"ListItem","@id":"https:\/\/ltbc.fr#listItem","position":1,"name":"Accueil","item":"https:\/\/ltbc.fr","nextItem":{"@type":"ListItem","@id":"https:\/\/ltbc.fr\/?cat=1#listItem","name":"Non class\u00e9"}},{"@type":"ListItem","@id":"https:\/\/ltbc.fr\/?cat=1#listItem","position":2,"name":"Non class\u00e9","item":"https:\/\/ltbc.fr\/?cat=1","nextItem":{"@type":"ListItem","@id":"https:\/\/ltbc.fr\/?p=3270#listItem","name":"Assembl\u00e9e G\u00e9n\u00e9rale 2022"},"previousItem":{"@type":"ListItem","@id":"https:\/\/ltbc.fr#listItem","name":"Accueil"}},{"@type":"ListItem","@id":"https:\/\/ltbc.fr\/?p=3270#listItem","position":3,"name":"Assembl\u00e9e G\u00e9n\u00e9rale 2022","previousItem":{"@type":"ListItem","@id":"https:\/\/ltbc.fr\/?cat=1#listItem","name":"Non class\u00e9"}}]},{"@type":"Organization","@id":"https:\/\/ltbc.fr\/#organization","name":"Le Train Briviste Corr\u00e9zien","description":"\"Le Club de Mod\u00e9lisme Ferroviaire en Pays de Brive\"","url":"https:\/\/ltbc.fr\/"},{"@type":"Person","@id":"https:\/\/ltbc.fr\/?author=1#author","url":"https:\/\/ltbc.fr\/?author=1","name":"Francis","image":{"@type":"ImageObject","@id":"https:\/\/ltbc.fr\/?p=3270#authorImage","url":"https:\/\/secure.gravatar.com\/avatar\/69895d75a80de91f10411eb0355cae9e8bc075120357313a8bda66c4813d94c3?s=96&d=mm&r=g","width":96,"height":96,"caption":"Francis"}},{"@type":"WebPage","@id":"https:\/\/ltbc.fr\/?p=3270#webpage","url":"https:\/\/ltbc.fr\/?p=3270","name":"Assembl\u00e9e G\u00e9n\u00e9rale 2022 | Le Train Briviste Corr\u00e9zien","description":"Calendrier 2022 Le 5 et 6 mars \"Aventure du rail\" \u00e0 la mairie d'Ussac en apr\u00e8s midi. R\u00e9seau Martel Le 19\/20\/21 mars, Expo \u00e0 Treignac. R\u00e9seau \"Le Martel\" Du 25 f\u00e9vrier \u00e0 d\u00e9but avril, Expo sur le PO et POC (Mod\u00e8les en vitrines) Le 1er mai, Expo \u00e0 Cosnac. R\u00e9seau \"Le Martel\" Le 22 mai,","inLanguage":"fr-FR","isPartOf":{"@id":"https:\/\/ltbc.fr\/#website"},"breadcrumb":{"@id":"https:\/\/ltbc.fr\/?p=3270#breadcrumblist"},"author":{"@id":"https:\/\/ltbc.fr\/?author=1#author"},"creator":{"@id":"https:\/\/ltbc.fr\/?author=1#author"},"datePublished":"2022-01-27T15:24:58+01:00","dateModified":"2022-02-23T17:00:19+01:00"},{"@type":"WebSite","@id":"https:\/\/ltbc.fr\/#website","url":"https:\/\/ltbc.fr\/","name":"Le Train Briviste Corr\u00e9zien","description":"\"Le Club de Mod\u00e9lisme Ferroviaire en Pays de Brive\"","inLanguage":"fr-FR","publisher":{"@id":"https:\/\/ltbc.fr\/#organization"}}]},"og:locale":"fr_FR","og:site_name":"Le Train Briviste Corr\u00e9zien | &quot;Le Club de Mod\u00e9lisme Ferroviaire en Pays de Brive&quot;","og:type":"article","og:title":"Assembl\u00e9e G\u00e9n\u00e9rale 2022 | Le Train Briviste Corr\u00e9zien","og:description":"Calendrier 2022 Le 5 et 6 mars &quot;Aventure du rail&quot; \u00e0 la mairie d'Ussac en apr\u00e8s midi. R\u00e9seau Martel Le 19\/20\/21 mars, Expo \u00e0 Treignac. R\u00e9seau &quot;Le Martel&quot; Du 25 f\u00e9vrier \u00e0 d\u00e9but avril, Expo sur le PO et POC (Mod\u00e8les en vitrines) Le 1er mai, Expo \u00e0 Cosnac. R\u00e9seau &quot;Le Martel&quot; Le 22 mai,","og:url":"https:\/\/ltbc.fr\/?p=3270","article:published_time":"2022-01-27T14:24:58+00:00","article:modified_time":"2022-02-23T16:00:19+00:00","twitter:card":"summary","twitter:title":"Assembl\u00e9e G\u00e9n\u00e9rale 2022 | Le Train Briviste Corr\u00e9zien","twitter:description":"Calendrier 2022 Le 5 et 6 mars &quot;Aventure du rail&quot; \u00e0 la mairie d'Ussac en apr\u00e8s midi. R\u00e9seau Martel Le 19\/20\/21 mars, Expo \u00e0 Treignac. R\u00e9seau &quot;Le Martel&quot; Du 25 f\u00e9vrier \u00e0 d\u00e9but avril, Expo sur le PO et POC (Mod\u00e8les en vitrines) Le 1er mai, Expo \u00e0 Cosnac. R\u00e9seau &quot;Le Martel&quot; Le 22 mai,"},"aioseo_meta_data":{"post_id":"3270","title":null,"description":null,"keywords":[],"keyphrases":{"focus":[],"additional":[]},"canonical_url":null,"og_title":null,"og_description":null,"og_object_type":"default","og_image_type":"default","og_image_url":null,"og_image_width":null,"og_image_height":null,"og_image_custom_url":null,"og_image_custom_fields":null,"og_video":"","og_custom_url":null,"og_article_section":null,"og_article_tags":[],"twitter_use_og":false,"twitter_card":"default","twitter_image_type":"default","twitter_image_url":null,"twitter_image_custom_url":null,"twitter_image_custom_fields":null,"twitter_title":null,"twitter_description":null,"schema":{"blockGraphs":[],"customGraphs":[],"default":{"data":{"Article":[],"Course":[],"Dataset":[],"FAQPage":[],"Movie":[],"Person":[],"Product":[],"ProductReview":[],"Car":[],"Recipe":[],"Service":[],"SoftwareApplication":[],"WebPage":[]},"graphName":"","isEnabled":true},"graphs":[],"defaultGraph":"Article","defaultPostTypeGraph":""},"schema_type":"default","schema_type_options":"{\"article\":{\"articleType\":\"BlogPosting\"},\"course\":{\"name\":\"\",\"description\":\"\",\"provider\":\"\"},\"faq\":{\"pages\":[]},\"product\":{\"reviews\":[]},\"recipe\":{\"ingredients\":[],\"instructions\":[],\"keywords\":[]},\"software\":{\"reviews\":[],\"operatingSystems\":[]},\"webPage\":{\"webPageType\":\"WebPage\"}}","pillar_content":false,"robots_default":true,"robots_noindex":false,"robots_noarchive":false,"robots_nosnippet":false,"robots_nofollow":false,"robots_noimageindex":false,"robots_noodp":false,"robots_notranslate":false,"robots_max_snippet":"-1","robots_max_videopreview":"-1","robots_max_imagepreview":"large","priority":null,"frequency":"default","local_seo":null,"limit_modified_date":false,"created":"2022-01-27 14:24:29","updated":"2026-07-02 07:18:57","primary_term":null,"ai":null,"breadcrumb_settings":null,"seo_analyzer_scan_date":null},"aioseo_breadcrumb":"<div class=\"aioseo-breadcrumbs\"><span class=\"aioseo-breadcrumb\">\n\t\t\t<a href=\"https:\/\/ltbc.fr\" title=\"Accueil\">Accueil<\/a>\n\t\t<\/span><span class=\"aioseo-breadcrumb-separator\">&raquo;<\/span><span class=\"aioseo-breadcrumb\">\n\t\t\t<a href=\"https:\/\/ltbc.fr\/?cat=1\" title=\"Non class\u00e9\">Non class\u00e9<\/a>\n\t\t<\/span><span class=\"aioseo-breadcrumb-separator\">&raquo;<\/span><span class=\"aioseo-breadcrumb\">\n\t\t\tAssembl\u00e9e G\u00e9n\u00e9rale 2022\n\t\t<\/span><\/div>","aioseo_breadcrumb_json":[{"label":"Accueil","link":"https:\/\/ltbc.fr"},{"label":"Non class\u00e9","link":"https:\/\/ltbc.fr\/?cat=1"},{"label":"Assembl\u00e9e G\u00e9n\u00e9rale 2022","link":"https:\/\/ltbc.fr\/?p=3270"}],"_links":{"self":[{"href":"https:\/\/ltbc.fr\/index.php?rest_route=\/wp\/v2\/posts\/3270","targetHints":{"allow":["GET"]}}],"collection":[{"href":"https:\/\/ltbc.fr\/index.php?rest_route=\/wp\/v2\/posts"}],"about":[{"href":"https:\/\/ltbc.fr\/index.php?rest_route=\/wp\/v2\/types\/post"}],"author":[{"embeddable":true,"href":"https:\/\/ltbc.fr\/index.php?rest_route=\/wp\/v2\/users\/1"}],"replies":[{"embeddable":true,"href":"https:\/\/ltbc.fr\/index.php?rest_route=%2Fwp%2Fv2%2Fcomments&post=3270"}],"version-history":[{"count":3,"href":"https:\/\/ltbc.fr\/index.php?rest_route=\/wp\/v2\/posts\/3270\/revisions"}],"predecessor-version":[{"id":3289,"href":"https:\/\/ltbc.fr\/index.php?rest_route=\/wp\/v2\/posts\/3270\/revisions\/3289"}],"wp:attachment":[{"href":"https:\/\/ltbc.fr\/index.php?rest_route=%2Fwp%2Fv2%2Fmedia&parent=3270"}],"wp:term":[{"taxonomy":"category","embeddable":true,"href":"https:\/\/ltbc.fr\/index.php?rest_route=%2Fwp%2Fv2%2Fcategories&post=3270"},{"taxonomy":"post_tag","embeddable":true,"href":"https:\/\/ltbc.fr\/index.php?rest_route=%2Fwp%2Fv2%2Ftags&post=3270"}],"curies":[{"name":"wp","href":"https:\/\/api.w.org\/{rel}","templated":true}]}}